{"id":95,"date":"2021-04-23T18:36:00","date_gmt":"2021-04-23T16:36:00","guid":{"rendered":"https:\/\/www.buscomuebles.com\/blog\/?p=95"},"modified":"2021-04-29T18:45:34","modified_gmt":"2021-04-29T16:45:34","slug":"como-gestionarias-el-amueblamiento-de-un-espacio-en-el-que-tienen-que-coexistir-acciones-aparentemente","status":"publish","type":"post","link":"https:\/\/www.buscomuebles.com\/blog\/como-gestionarias-el-amueblamiento-de-un-espacio-en-el-que-tienen-que-coexistir-acciones-aparentemente\/","title":{"rendered":"\u00bfC\u00f3mo gestionar\u00edas el amueblamiento de un espacio en el que tienen que coexistir acciones aparentemente opuestas?"},"content":{"rendered":"\n<p>Cada vez se extiende m\u00e1s el concepto de <a href=\"https:\/\/www.instagram.com\/explore\/tags\/homeoffice\/\" target=\"_blank\" rel=\"noreferrer noopener\">#homeoffice<\/a> y vamos identificando los requisitos que se derivan de esta nueva modalidad de trabajo. Una de las demandas m\u00e1s generalizadas es la de tener un entorno separado de las zonas donde descansamos o convivimos \u2705<\/p>\n\n\n\n<p>Idealmente, lo \u00f3ptimo ser\u00eda convertir alguna habitaci\u00f3n en la \u201coficina en casa\u201d, pero eso es poco realista en la mayor\u00eda de los casos \ud83d\ude2c<\/p>\n\n\n\n<p>Entonces, \u00bfqu\u00e9 podemos hacer si carecemos de este lugar extra en nuestro hogar? Muy sencillo, podemos generar una estancia con ayuda del mobiliario \ud83e\udd14<\/p>\n\n\n\n<p>Habitualmente, cuando colocamos muebles solemos adosarlos a las paredes, pero, si contamos con la dimensi\u00f3n suficiente, colocar estos elementos en distintos puntos, nos permite alterar la distribuci\u00f3n del espacio sin necesidad de hacer obra \ud83e\udd2f<\/p>\n\n\n\n<p>Esto es especialmente \u00fatil si est\u00e1s analizando c\u00f3mo amueblar un estudio. En contra de lo que pueda parecer, si todos los elementos est\u00e1n pegados a las paredes, el espacio se vuelve claustrof\u00f3bico. Sin embargo, la existencia de separaciones visuales entre distintas \u00e1reas, genera la percepci\u00f3n de amplitud \ud83d\udc4c<\/p>\n\n\n\n<figure class=\"wp-block-gallery columns-2 is-cropped wp-block-gallery-1 is-layout-flex\"><ul class=\"blocks-gallery-grid\"><li class=\"blocks-gallery-item\"><figure><a href=\"https:\/\/www.buscomuebles.com\/blog\/wp-content\/uploads\/2021\/04\/00_IG_PT_Macmobles_01.jpg\"><img decoding=\"async\" loading=\"lazy\" width=\"1024\" height=\"537\" src=\"https:\/\/www.buscomuebles.com\/blog\/wp-content\/uploads\/2021\/04\/00_IG_PT_Macmobles_01-1024x537.jpg\" alt=\"\" data-id=\"96\" data-full-url=\"https:\/\/www.buscomuebles.com\/blog\/wp-content\/uploads\/2021\/04\/00_IG_PT_Macmobles_01.jpg\" data-link=\"https:\/\/www.buscomuebles.com\/blog\/?attachment_id=96#main\" class=\"wp-image-96\" srcset=\"https:\/\/www.buscomuebles.com\/blog\/wp-content\/uploads\/2021\/04\/00_IG_PT_Macmobles_01-1024x537.jpg 1024w, https:\/\/www.buscomuebles.com\/blog\/wp-content\/uploads\/2021\/04\/00_IG_PT_Macmobles_01-300x157.jpg 300w, https:\/\/www.buscomuebles.com\/blog\/wp-content\/uploads\/2021\/04\/00_IG_PT_Macmobles_01-768x402.jpg 768w, https:\/\/www.buscomuebles.com\/blog\/wp-content\/uploads\/2021\/04\/00_IG_PT_Macmobles_01.jpg 1080w\" sizes=\"(max-width: 1024px) 100vw, 1024px\" \/><\/a><\/figure><\/li><li class=\"blocks-gallery-item\"><figure><a href=\"https:\/\/www.buscomuebles.com\/blog\/wp-content\/uploads\/2021\/04\/00_IG_PT_Macmobles_02.jpg\"><img decoding=\"async\" loading=\"lazy\" width=\"1024\" height=\"537\" src=\"https:\/\/www.buscomuebles.com\/blog\/wp-content\/uploads\/2021\/04\/00_IG_PT_Macmobles_02-1024x537.jpg\" alt=\"\" data-id=\"97\" data-full-url=\"https:\/\/www.buscomuebles.com\/blog\/wp-content\/uploads\/2021\/04\/00_IG_PT_Macmobles_02.jpg\" data-link=\"https:\/\/www.buscomuebles.com\/blog\/?attachment_id=97#main\" class=\"wp-image-97\" srcset=\"https:\/\/www.buscomuebles.com\/blog\/wp-content\/uploads\/2021\/04\/00_IG_PT_Macmobles_02-1024x537.jpg 1024w, https:\/\/www.buscomuebles.com\/blog\/wp-content\/uploads\/2021\/04\/00_IG_PT_Macmobles_02-300x157.jpg 300w, https:\/\/www.buscomuebles.com\/blog\/wp-content\/uploads\/2021\/04\/00_IG_PT_Macmobles_02-768x402.jpg 768w, https:\/\/www.buscomuebles.com\/blog\/wp-content\/uploads\/2021\/04\/00_IG_PT_Macmobles_02.jpg 1080w\" sizes=\"(max-width: 1024px) 100vw, 1024px\" \/><\/a><\/figure><\/li><li class=\"blocks-gallery-item\"><figure><a href=\"https:\/\/www.buscomuebles.com\/blog\/wp-content\/uploads\/2021\/04\/00_IG_PT_Macmobles_03.jpg\"><img decoding=\"async\" loading=\"lazy\" width=\"1024\" height=\"537\" src=\"https:\/\/www.buscomuebles.com\/blog\/wp-content\/uploads\/2021\/04\/00_IG_PT_Macmobles_03-1024x537.jpg\" alt=\"\" data-id=\"98\" data-full-url=\"https:\/\/www.buscomuebles.com\/blog\/wp-content\/uploads\/2021\/04\/00_IG_PT_Macmobles_03.jpg\" data-link=\"https:\/\/www.buscomuebles.com\/blog\/?attachment_id=98#main\" class=\"wp-image-98\" srcset=\"https:\/\/www.buscomuebles.com\/blog\/wp-content\/uploads\/2021\/04\/00_IG_PT_Macmobles_03-1024x537.jpg 1024w, https:\/\/www.buscomuebles.com\/blog\/wp-content\/uploads\/2021\/04\/00_IG_PT_Macmobles_03-300x157.jpg 300w, https:\/\/www.buscomuebles.com\/blog\/wp-content\/uploads\/2021\/04\/00_IG_PT_Macmobles_03-768x402.jpg 768w, https:\/\/www.buscomuebles.com\/blog\/wp-content\/uploads\/2021\/04\/00_IG_PT_Macmobles_03.jpg 1080w\" sizes=\"(max-width: 1024px) 100vw, 1024px\" \/><\/a><\/figure><\/li><li class=\"blocks-gallery-item\"><figure><a href=\"https:\/\/www.buscomuebles.com\/blog\/wp-content\/uploads\/2021\/04\/00_IG_PT_Macmobles_04.jpg\"><img decoding=\"async\" loading=\"lazy\" width=\"1024\" height=\"537\" src=\"https:\/\/www.buscomuebles.com\/blog\/wp-content\/uploads\/2021\/04\/00_IG_PT_Macmobles_04-1024x537.jpg\" alt=\"\" data-id=\"99\" data-full-url=\"https:\/\/www.buscomuebles.com\/blog\/wp-content\/uploads\/2021\/04\/00_IG_PT_Macmobles_04.jpg\" data-link=\"https:\/\/www.buscomuebles.com\/blog\/?attachment_id=99#main\" class=\"wp-image-99\" srcset=\"https:\/\/www.buscomuebles.com\/blog\/wp-content\/uploads\/2021\/04\/00_IG_PT_Macmobles_04-1024x537.jpg 1024w, https:\/\/www.buscomuebles.com\/blog\/wp-content\/uploads\/2021\/04\/00_IG_PT_Macmobles_04-300x157.jpg 300w, https:\/\/www.buscomuebles.com\/blog\/wp-content\/uploads\/2021\/04\/00_IG_PT_Macmobles_04-768x402.jpg 768w, https:\/\/www.buscomuebles.com\/blog\/wp-content\/uploads\/2021\/04\/00_IG_PT_Macmobles_04.jpg 1080w\" sizes=\"(max-width: 1024px) 100vw, 1024px\" \/><\/a><\/figure><\/li><\/ul><\/figure>\n\n\n\n<p>Como puedes ver en el proyecto que te mostramos, con un planteamiento inteligente se han resuelto, en un mismo espacio, los requisitos de almacenaje y \u00e1rea de trabajo \ud83d\udc4f\ud83d\udc4f\ud83d\udc4f<\/p>\n\n\n\n<p>Si vives en la Zona Franca de Barcelona \ud83d\udccd y a tu casa le vendr\u00edan bien unos metros cuadrados extra, no dudes en acercarte a la tienda de MacMobles para que desarrollen a medida el <a rel=\"noreferrer noopener\" href=\"https:\/\/www.instagram.com\/explore\/tags\/proyectodeco\/\" target=\"_blank\">#proyectoDeco<\/a> que necesitas \ud83d\ude0d<br><br>\ud83d\udcf7v\u00eda <a rel=\"noreferrer noopener\" href=\"https:\/\/www.instagram.com\/macmobleszonafranca\/\" target=\"_blank\">@macmobleszonafranca<\/a><br>M\u00e1s info \u27a1\ufe0f <a rel=\"noreferrer noopener\" href=\"http:\/\/macmobles.com\" data-type=\"URL\" data-id=\"macmobles.com\" target=\"_blank\">macmobles.com<\/a><br><br><\/p>\n","protected":false},"excerpt":{"rendered":"<p>Cada vez se extiende m\u00e1s el concepto de #homeoffice y vamos identificando los requisitos que se derivan de esta nueva modalidad de trabajo. Una de las demandas m\u00e1s generalizadas es la de tener un entorno separado de las zonas donde descansamos o convivimos.<\/p>\n","protected":false},"author":1,"featured_media":96,"comment_status":"open","ping_status":"open","sticky":false,"template":"","format":"standard","meta":[],"categories":[2],"tags":[],"_links":{"self":[{"href":"https:\/\/www.buscomuebles.com\/blog\/wp-json\/wp\/v2\/posts\/95"}],"collection":[{"href":"https:\/\/www.buscomuebles.com\/blog\/wp-json\/wp\/v2\/posts"}],"about":[{"href":"https:\/\/www.buscomuebles.com\/blog\/wp-json\/wp\/v2\/types\/post"}],"author":[{"embeddable":true,"href":"https:\/\/www.buscomuebles.com\/blog\/wp-json\/wp\/v2\/users\/1"}],"replies":[{"embeddable":true,"href":"https:\/\/www.buscomuebles.com\/blog\/wp-json\/wp\/v2\/comments?post=95"}],"version-history":[{"count":1,"href":"https:\/\/www.buscomuebles.com\/blog\/wp-json\/wp\/v2\/posts\/95\/revisions"}],"predecessor-version":[{"id":100,"href":"https:\/\/www.buscomuebles.com\/blog\/wp-json\/wp\/v2\/posts\/95\/revisions\/100"}],"wp:featuredmedia":[{"embeddable":true,"href":"https:\/\/www.buscomuebles.com\/blog\/wp-json\/wp\/v2\/media\/96"}],"wp:attachment":[{"href":"https:\/\/www.buscomuebles.com\/blog\/wp-json\/wp\/v2\/media?parent=95"}],"wp:term":[{"taxonomy":"category","embeddable":true,"href":"https:\/\/www.buscomuebles.com\/blog\/wp-json\/wp\/v2\/categories?post=95"},{"taxonomy":"post_tag","embeddable":true,"href":"https:\/\/www.buscomuebles.com\/blog\/wp-json\/wp\/v2\/tags?post=95"}],"curies":[{"name":"wp","href":"https:\/\/api.w.org\/{rel}","templated":true}]}}